{"id":67,"date":"2018-01-12T23:34:00","date_gmt":"2018-01-12T22:34:00","guid":{"rendered":"http:\/\/friloux.fr\/index.php\/2018\/01\/12\/iphilo-gilles-deleuze-linformation-cest-la-societe-de-controle\/"},"modified":"2018-01-12T23:34:00","modified_gmt":"2018-01-12T22:34:00","slug":"iphilo-gilles-deleuze-linformation-cest-la-societe-de-controle","status":"publish","type":"post","link":"https:\/\/friloux.fr\/index.php\/2018\/01\/12\/iphilo-gilles-deleuze-linformation-cest-la-societe-de-controle\/","title":{"rendered":"iPhilo \u00bb Gilles Deleuze : \u00ab\u00a0L\u2019information, c\u2019est la soci\u00e9t\u00e9 de contr\u00f4le\u00a0\u00bb"},"content":{"rendered":"<p><a href=\"http:\/\/iphilo.fr\/2018\/01\/12\/gilles-deleuze-linformation-cest-la-societe-de-controle\/\">iPhilo \u00bb Gilles Deleuze : \u00ab&nbsp;L\u2019information, c\u2019est la soci\u00e9t\u00e9 de contr\u00f4le&nbsp;\u00bb<\/a>: VIDEO : Nous vous proposons le vendredi des vid\u00e9os de philosophes glan\u00e9es sur le web. Car si l\u2019on conna\u00eet leurs noms, parfois leurs pens\u00e9es, souvent nous manque-t-il leur voix. Retrouvez ainsi le ton et le souffle des philosophes dans leurs propres mots. Et pour continuer, ceux de Gilles Deleuze qu&rsquo;il consacre \u00e0 l&rsquo;information d\u00e9finie comme\u2026<\/p>\n","protected":false},"excerpt":{"rendered":"<p>iPhilo \u00bb Gilles Deleuze : \u00ab&nbsp;L\u2019information, c\u2019est la soci\u00e9t\u00e9 de contr\u00f4le&nbsp;\u00bb: VIDEO : Nous vous proposons le vendredi des vid\u00e9os de philosophes glan\u00e9es sur le web. Car si l\u2019on conna\u00eet leurs noms, parfois leurs pens\u00e9es, souvent nous manque-t-il leur voix. &hellip; <a href=\"https:\/\/friloux.fr\/index.php\/2018\/01\/12\/iphilo-gilles-deleuze-linformation-cest-la-societe-de-controle\/\">Continue la lecture <span class=\"meta-nav\">&rarr;<\/span><\/a><\/p>\n","protected":false},"author":1,"featured_media":0,"comment_status":"open","ping_status":"open","sticky":false,"template":"","format":"standard","meta":{"footnotes":""},"categories":[3],"tags":[],"class_list":["post-67","post","type-post","status-publish","format-standard","hentry","category-philosophie"],"_links":{"self":[{"href":"https:\/\/friloux.fr\/index.php\/wp-json\/wp\/v2\/posts\/67","targetHints":{"allow":["GET"]}}],"collection":[{"href":"https:\/\/friloux.fr\/index.php\/wp-json\/wp\/v2\/posts"}],"about":[{"href":"https:\/\/friloux.fr\/index.php\/wp-json\/wp\/v2\/types\/post"}],"author":[{"embeddable":true,"href":"https:\/\/friloux.fr\/index.php\/wp-json\/wp\/v2\/users\/1"}],"replies":[{"embeddable":true,"href":"https:\/\/friloux.fr\/index.php\/wp-json\/wp\/v2\/comments?post=67"}],"version-history":[{"count":0,"href":"https:\/\/friloux.fr\/index.php\/wp-json\/wp\/v2\/posts\/67\/revisions"}],"wp:attachment":[{"href":"https:\/\/friloux.fr\/index.php\/wp-json\/wp\/v2\/media?parent=67"}],"wp:term":[{"taxonomy":"category","embeddable":true,"href":"https:\/\/friloux.fr\/index.php\/wp-json\/wp\/v2\/categories?post=67"},{"taxonomy":"post_tag","embeddable":true,"href":"https:\/\/friloux.fr\/index.php\/wp-json\/wp\/v2\/tags?post=67"}],"curies":[{"name":"wp","href":"https:\/\/api.w.org\/{rel}","templated":true}]}}